{"id":16551,"date":"2021-07-15T08:34:02","date_gmt":"2021-07-15T08:34:02","guid":{"rendered":"https:\/\/teeptrak.com\/?p=16551"},"modified":"2025-03-24T11:11:41","modified_gmt":"2025-03-24T11:11:41","slug":"l-ete-en-industrie-challenges-et-opportunites","status":"publish","type":"post","link":"https:\/\/teeptrak.com\/fr\/l-ete-en-industrie-challenges-et-opportunites\/","title":{"rendered":"L&rsquo;\u00e9t\u00e9 en industrie : challenges et opportunit\u00e9s"},"content":{"rendered":"<p>[et_pb_section fb_built=\u00a0\u00bb1&Prime; _builder_version=\u00a0\u00bb4.16&Prime; global_colors_info=\u00a0\u00bb{}\u00a0\u00bb][et_pb_row _builder_version=\u00a0\u00bb4.16&Prime; background_size=\u00a0\u00bbinitial\u00a0\u00bb background_position=\u00a0\u00bbtop_left\u00a0\u00bb background_repeat=\u00a0\u00bbrepeat\u00a0\u00bb global_colors_info=\u00a0\u00bb{}\u00a0\u00bb][et_pb_column type=\u00a0\u00bb4_4&Prime; _builder_version=\u00a0\u00bb4.16&Prime; custom_padding=\u00a0\u00bb|||\u00a0\u00bb global_colors_info=\u00a0\u00bb{}\u00a0\u00bb custom_padding__hover=\u00a0\u00bb|||\u00a0\u00bb][et_pb_text _builder_version=\u00a0\u00bb4.21.0&Prime; _module_preset=\u00a0\u00bbdefault\u00a0\u00bb hover_enabled=\u00a0\u00bb0&Prime; sticky_enabled=\u00a0\u00bb0&Prime; custom_margin=\u00a0\u00bb||2px|||\u00a0\u00bb]<\/p>\n<h1>L\u2019\u00e9t\u00e9 en industrie : challenges et opportunit\u00e9s<\/h1>\n<p>[\/et_pb_text][et_pb_image src=\u00a0\u00bbhttps:\/\/teeptrak.com\/wp-content\/uploads\/2024\/12\/trait-horizontal.png\u00a0\u00bb _builder_version=\u00a0\u00bb4.21.0&Prime; _module_preset=\u00a0\u00bbdefault\u00a0\u00bb title_text=\u00a0\u00bbhorizontal-split\u00a0\u00bb hover_enabled=\u00a0\u00bb0&Prime; sticky_enabled=\u00a0\u00bb0&Prime;][\/et_pb_image][et_pb_text _builder_version=\u00a0\u00bb4.21.0&Prime; _module_preset=\u00a0\u00bbdefault\u00a0\u00bb hover_enabled=\u00a0\u00bb0&Prime; sticky_enabled=\u00a0\u00bb0&Prime; custom_margin=\u00a0\u00bb||50px||false|false\u00a0\u00bb text_font=\u00a0\u00bb|300|||||||\u00a0\u00bb text_font_size=\u00a0\u00bb16px\u00a0\u00bb text_text_color=\u00a0\u00bb#000000&Prime; custom_padding=\u00a0\u00bb||4px|||\u00a0\u00bb]<\/p>\n<p>Nous voici d\u00e9j\u00e0 mi-juillet; l\u2019\u00e9t\u00e9 qui nous semblait loin est amorc\u00e9, et les beaux jours ne devraient plus tarder. Cela est annonciateur de bonnes nouvelles\u00a0! C\u2019est l\u2019arriv\u00e9e des vacances, pour ceux qui n\u2019en profitent pas d\u00e9j\u00e0 actuellement. Pour les autres, les effectifs se r\u00e9duisent petit \u00e0 petit. Il va falloir assumer les cons\u00e9quences de l\u2019\u00e9t\u00e9, seul ou en \u00e9quipe r\u00e9duite. Que se passe t-il l\u2019\u00e9t\u00e9 en industrie et quelles cons\u00e9quences pour l\u2019usine\u00a0?<\/p>\n<p>Plusieurs facteurs impactent l\u2019industrie pendant l\u2019\u00e9t\u00e9. Certains d\u00e9pendent \u00e9videmment de votre corps de m\u00e9tier. D\u2019autres r\u00e9percussions de la saison sont plus g\u00e9n\u00e9riques et s\u2019appliquent \u00e0 tous. Mais entre contraintes et vacances, comment passer un bel \u00e9t\u00e9 industriel ?<\/p>\n<p>[\/et_pb_text][et_pb_text _builder_version=\u00a0\u00bb4.21.0&Prime; _module_preset=\u00a0\u00bbdefault\u00a0\u00bb hover_enabled=\u00a0\u00bb0&Prime; sticky_enabled=\u00a0\u00bb0&Prime; custom_margin=\u00a0\u00bb||50px||false|false\u00a0\u00bb text_font=\u00a0\u00bb|300|||||||\u00a0\u00bb text_font_size=\u00a0\u00bb16px\u00a0\u00bb text_text_color=\u00a0\u00bb#000000&Prime;]<\/p>\n<h2>La gestion des effectifs, des contraintes suppl\u00e9mentaires pendant l\u2019\u00e9t\u00e9<\/h2>\n<p>Les d\u00e9parts en vacances sont (ou \u00e9taient) vus de deux mani\u00e8res dans une usine. Pour la hi\u00e9rarchie c\u2019est une contrainte. De l\u2019autre c\u00f4t\u00e9, il y a le point de vue de celui qui part en vacances, qui en est heureux. Soyons s\u00e9rieux, bien qu\u2019un peu caricaturale, cette vision existe toujours dans l\u2019industrie. Nous allons voir ici qu\u2019au-del\u00e0 de leur c\u00f4t\u00e9 obligatoire; les vacances font partie d\u2019un tout qui permet \u00e0 la l\u2019usine de fonctionner au mieux durant le reste de l\u2019ann\u00e9e.<\/p>\n<p>Alors que la pr\u00e9sence diminue, ne peut-on pas en dire autant du carnet de commandes\u00a0? Hormis dans les industries touchant \u00e0 des secteurs tendus, comme le pharmaceutique, la demande d\u00e9cro\u00eet durant les deux mois d\u2019\u00e9t\u00e9. Plus encore au mois d\u2019ao\u00fbt.<\/p>\n<p>Cette ann\u00e9e a encore \u00e9t\u00e9 diff\u00e9rente. Avec ces moments difficiles, une fatigue g\u00e9n\u00e9rale se fait sentir. \u00c0 tous les niveaux, mais surtout pour les op\u00e9rateurs, techniciens et managers d\u2019atelier qui ont vu leurs conditions de travail se d\u00e9grader avec les mesures sanitaires. Il n\u2019est souvent plus possible de manger avec ses coll\u00e8gues sans un plexiglas qui vous s\u00e9pare. Le port du masque obligatoire provoque des difficult\u00e9s de communication. Les pauses sont d\u00e9cal\u00e9es et les relations sociales en sont atteintes.<\/p>\n<p>Ces vacances en plus d\u2019\u00eatre m\u00e9rit\u00e9es seront l\u2019occasion pour vos \u00e9quipes de profiter de la fen\u00eatre qui va nous permettre \u00e0 tous de profiter. On parle de cong\u00e9s qui vont nous permettre de reprendre en \u00e9tant repos\u00e9s. Une rentr\u00e9e bien pr\u00e9par\u00e9e est une rentr\u00e9e r\u00e9ussie. Mais comment pr\u00e9parer cette rentr\u00e9e\u00a0?<\/p>\n<p>[\/et_pb_text][et_pb_text _builder_version=\u00a0\u00bb4.21.0&Prime; _module_preset=\u00a0\u00bbdefault\u00a0\u00bb hover_enabled=\u00a0\u00bb0&Prime; sticky_enabled=\u00a0\u00bb0&Prime; custom_margin=\u00a0\u00bb||50px||false|false\u00a0\u00bb text_font=\u00a0\u00bb|300|||||||\u00a0\u00bb text_font_size=\u00a0\u00bb16px\u00a0\u00bb text_text_color=\u00a0\u00bb#000000&Prime;]<\/p>\n<h2>Pr\u00e9parer sa rentr\u00e9e, la solution pour passer un \u00e9t\u00e9 serein<\/h2>\n<p>Une des cons\u00e9quences de l\u2019\u00e9t\u00e9 sur l\u2019industrie est le ralentissement des commandes et donc des machines. Plusieurs options s\u2019offrent \u00e0 vous pour utiliser ce temps \u00e0 bon escient, et pr\u00e9parer au mieux le red\u00e9marrage de septembre. Si votre machine ne produit pas parce que les personnes en charge sont en cong\u00e9s, pourquoi ne pas profiter de ce temps pour y faire de la maintenance\u00a0?<\/p>\n<p>Durant tout le reste de l\u2019ann\u00e9e, la charge machine et la disponibilit\u00e9 des personnes sont deux facteurs qui repoussent les op\u00e9rations de maintenance. On se retrouve alors parfois avec des solutions provisoires qui restent pendant plusieurs mois. L\u2019esprit humain s\u2019habitue \u00e0 ce genre de probl\u00e8me, et ne les voit plus comme tels avec le temps. Avant les vacances, vous pourrez demander \u00e0 la personne en charge de la machine si une op\u00e9ration de maintenance est n\u00e9cessaire. Sans doute vous dira t-elle que oui, mais pensera t-elle \u00e0 la contre-mesure (qui fonctionne malgr\u00e9 tout) install\u00e9e depuis f\u00e9vrier\u00a0?<\/p>\n<p>Si vous souhaitez red\u00e9marrer votre production sereinement \u00e0 la rentr\u00e9e, n\u2019h\u00e9sitez pas \u00e0 faire le tour de vos \u00e9quipements critiques. L\u2019id\u00e9al serait de vous fier \u00e0 l\u2019historique de pannes de chaque \u00e9quipement. De cette mani\u00e8re, vous pourriez v\u00e9rifier chaque point ayant d\u00e9j\u00e0 provoqu\u00e9 un arr\u00eat. N\u2019h\u00e9sitez pas \u00e0 ouvrir la documentation technique au pr\u00e9alable. Souvent oubli\u00e9e, elle est riche en conseils donn\u00e9s par le constructeur. Cela vous permettra de profiter de la rentr\u00e9e pour livrer toutes vos commandes \u00e0 l\u2019heure gr\u00e2ce \u00e0 des machines fiables. Et si cela ne suffisait pas\u00a0?<\/p>\n<p>[\/et_pb_text][et_pb_text _builder_version=\u00a0\u00bb4.21.0&Prime; _module_preset=\u00a0\u00bbdefault\u00a0\u00bb hover_enabled=\u00a0\u00bb0&Prime; sticky_enabled=\u00a0\u00bb0&Prime; custom_margin=\u00a0\u00bb||50px||false|false\u00a0\u00bb text_font=\u00a0\u00bb|300|||||||\u00a0\u00bb text_font_size=\u00a0\u00bb16px\u00a0\u00bb text_text_color=\u00a0\u00bb#000000&Prime;]<\/p>\n<h2>Quand votre industrie ne s\u2019arr\u00eate pas durant l\u2019\u00e9t\u00e9<\/h2>\n<p>Alors que certains voient d\u2019un mauvais \u0153il leurs vacances en m\u00eame temps que les \u00e9coles, cela peut \u00eatre pour vous une opportunit\u00e9. En effet, l\u2019atelier m\u00eame s\u2019il est moins rempli peut quand m\u00eame produire. Et que diriez-vous d\u2019arriver en septembre avec de l\u2019avance sur vos commandes\u00a0? Pour les personnes de confiance, il est facile de travailler en autonomie. Cela peut vous permettre de laisser quelques personnes en production pendant la p\u00e9riode creuse. Bien souvent, la productivit\u00e9 augmente m\u00eame durant ces temps. Avec moins de pression, et en \u00e9tant moins d\u00e9rang\u00e9s, nos producteurs peuvent se concentrer sur les t\u00e2ches \u00e0 valeur ajout\u00e9e. Attention cependant, il ne faut pas que la diminution de l\u2019effectif entra\u00eene un rel\u00e2chement des r\u00e8gles de s\u00e9curit\u00e9 et de qualit\u00e9.<\/p>\n<p>Dans les plus grandes structures, il peut \u00eatre compliqu\u00e9 de laisser des op\u00e9rateurs en autonomie, mais la question d\u2019une \u00e9quipe r\u00e9duite avec une petite hi\u00e9rarchie reste envisageable. Ici encore, les bons c\u00f4t\u00e9s sont omnipr\u00e9sents. Cela \u00e9vite d\u2019arr\u00eater les machines trop longtemps, soude les \u00e9quipes restantes et vous permet de continuer de produire. Il sera important de trouver tout de m\u00eame du temps pour s\u2019occuper de la maintenance.<\/p>\n<p>Autre point de vigilance\u00a0: les consommables. En effet, il peut \u00eatre plus difficile de s\u2019approvisionner en consommables durant l\u2019\u00e9t\u00e9. Il vous faudra anticiper les besoins pour le personnel restant. Cela peut s\u2019av\u00e9rer facile quand on parle de paires de gants ou d\u2019outils simples. Lorsque la maintenance aura d\u00e9mont\u00e9 une machine pour v\u00e9rifier son bon fonctionnement, et qu\u2019il manquera un composant \u00e0 remplacer p\u00e9riodiquement, l\u2019histoire de ne sera pas aussi simple.<\/p>\n<p>[\/et_pb_text][et_pb_text _builder_version=\u00a0\u00bb4.21.0&Prime; _module_preset=\u00a0\u00bbdefault\u00a0\u00bb hover_enabled=\u00a0\u00bb0&Prime; sticky_enabled=\u00a0\u00bb0&Prime; custom_margin=\u00a0\u00bb||50px||false|false\u00a0\u00bb text_font=\u00a0\u00bb|300|||||||\u00a0\u00bb text_font_size=\u00a0\u00bb16px\u00a0\u00bb text_text_color=\u00a0\u00bb#000000&Prime;]<\/p>\n<h2>Pour conclure<\/h2>\n<p>Cet \u00e9t\u00e9 en industrie sera diff\u00e9rent pour tous les acteurs. La chose la plus importante pour bien s\u2019y pr\u00e9parer, et pour y \u00eatre \u00e0 l\u2019aise est la communication. Vous ne souhaitez pas \u00eatre d\u00e9rang\u00e9 lorsque vous serez en vacances. Soyez-en s\u00fbr, votre coll\u00e8gue rest\u00e9 au travail ne souhaite pas non plus interrompre votre qui\u00e9tude.\u00a0 Le meilleur moyen d\u2019\u00e9viter que cela n\u2019arrive, est que les choses qui doivent \u00eatre faites le soient. Pour cela, il faudra pr\u00e9parer cette p\u00e9riode. Asseyez-vous autour d\u2019une table pour \u00e9changer sur vos besoins et vos projets. Une heure d\u00e9pens\u00e9e au bon moment peut vous en faire gagner plusieurs au pire moment.<\/p>\n<p>[\/et_pb_text][\/et_pb_column][\/et_pb_row][\/et_pb_section]<\/p>\n","protected":false},"excerpt":{"rendered":"<p>Nous voici d\u00e9j\u00e0 mi-juillet, l\u2019\u00e9t\u00e9 qui nous semblait loin est amorc\u00e9, et les beaux jours ne devraient plus tarder. Cela est annonciateur de bonnes nouvelles ! C\u2019est l\u2019arriv\u00e9e des vacances, pour ceux qui n\u2019en profitent pas d\u00e9j\u00e0 actuellement. Pour les autres, les effectifs se r\u00e9duisent petit \u00e0 petit. Il va falloir assumer les cons\u00e9quences de l\u2019\u00e9t\u00e9, seul ou en \u00e9quipe r\u00e9duite. Que se passe t-il l\u2019\u00e9t\u00e9 en industrie et quelles cons\u00e9quences pour l\u2019usine ?<\/p>\n","protected":false},"author":384729,"featured_media":23952,"comment_status":"closed","ping_status":"closed","sticky":false,"template":"","format":"standard","meta":{"_et_pb_use_builder":"on","_et_pb_old_content":"<!-- wp:paragraph -->\n<p>Nous voici d\u00e9j\u00e0 mi-juillet; l\u2019\u00e9t\u00e9 qui nous semblait loin est amorc\u00e9, et les beaux jours ne devraient plus tarder. Cela est annonciateur de bonnes nouvelles&nbsp;! C\u2019est l\u2019arriv\u00e9e des vacances, pour ceux qui n\u2019en profitent pas d\u00e9j\u00e0 actuellement. Pour les autres, les effectifs se r\u00e9duisent petit \u00e0 petit. Il va falloir assumer les cons\u00e9quences de l\u2019\u00e9t\u00e9, seul ou en \u00e9quipe r\u00e9duite. Que se passe t-il l'\u00e9t\u00e9 en industrie et quelles cons\u00e9quences pour l'usine&nbsp;?<\/p>\n<!-- \/wp:paragraph -->\n\n<!-- wp:paragraph -->\n<p>Plusieurs facteurs impactent l\u2019industrie pendant l'\u00e9t\u00e9. Certains d\u00e9pendent \u00e9videmment de votre corps de m\u00e9tier. D\u2019autres r\u00e9percussions de la saison sont plus g\u00e9n\u00e9riques et s\u2019appliquent \u00e0 tous. Mais entre contraintes et vacances, comment passer un bel \u00e9t\u00e9 industriel ?<\/p>\n<!-- \/wp:paragraph -->\n\n<!-- wp:heading -->\n<h2 class=\"wp-block-heading\">La gestion des effectifs, des contraintes suppl\u00e9mentaires pendant l'\u00e9t\u00e9<\/h2>\n<!-- \/wp:heading -->\n\n<!-- wp:paragraph -->\n<p>Les d\u00e9parts en vacances sont (ou \u00e9taient) vus de deux mani\u00e8res dans une usine. Pour la hi\u00e9rarchie c'est une contrainte. De l\u2019autre c\u00f4t\u00e9, il y a le point de vue de celui qui part en vacances, qui en est heureux. Soyons s\u00e9rieux, bien qu\u2019un peu caricaturale, cette vision existe toujours dans l\u2019industrie. Nous allons voir ici qu\u2019au-del\u00e0 de leur c\u00f4t\u00e9 obligatoire; les vacances font partie d\u2019un tout qui permet \u00e0 la l\u2019usine de fonctionner au mieux durant le reste de l\u2019ann\u00e9e.<\/p>\n<!-- \/wp:paragraph -->\n\n<!-- wp:paragraph -->\n<p>Alors que la pr\u00e9sence diminue, ne peut-on pas en dire autant du carnet de commandes&nbsp;? Hormis dans les industries touchant \u00e0 des secteurs tendus, comme le pharmaceutique, la demande d\u00e9cro\u00eet durant les deux mois d\u2019\u00e9t\u00e9. Plus encore au mois d'ao\u00fbt.<\/p>\n<!-- \/wp:paragraph -->\n\n<!-- wp:paragraph -->\n<p>Cette ann\u00e9e a encore \u00e9t\u00e9 diff\u00e9rente. Avec ces moments difficiles, une fatigue g\u00e9n\u00e9rale se fait sentir. \u00c0 tous les niveaux, mais surtout pour les op\u00e9rateurs, techniciens et managers d\u2019atelier qui ont vu leurs conditions de travail se d\u00e9grader avec les mesures sanitaires. Il n\u2019est souvent plus possible de manger avec ses coll\u00e8gues sans un plexiglas qui vous s\u00e9pare. Le port du masque obligatoire provoque des difficult\u00e9s de communication. Les pauses sont d\u00e9cal\u00e9es et les relations sociales en sont atteintes.<\/p>\n<!-- \/wp:paragraph -->\n\n<!-- wp:paragraph -->\n<p>Ces vacances en plus d\u2019\u00eatre m\u00e9rit\u00e9es seront l\u2019occasion pour vos \u00e9quipes de profiter de la fen\u00eatre qui va nous permettre \u00e0 tous de profiter. On parle de cong\u00e9s qui vont nous permettre de reprendre en \u00e9tant repos\u00e9s. Une rentr\u00e9e bien pr\u00e9par\u00e9e est une rentr\u00e9e r\u00e9ussie. Mais comment pr\u00e9parer cette rentr\u00e9e&nbsp;?<\/p>\n<!-- \/wp:paragraph -->\n\n<!-- wp:heading -->\n<h2 class=\"wp-block-heading\">Pr\u00e9parer sa rentr\u00e9e, la solution pour passer un \u00e9t\u00e9 serein<\/h2>\n<!-- \/wp:heading -->\n\n<!-- wp:paragraph -->\n<p>Une des cons\u00e9quences de l\u2019\u00e9t\u00e9 sur l\u2019industrie est le ralentissement des commandes et donc des machines. Plusieurs options s\u2019offrent \u00e0 vous pour utiliser ce temps \u00e0 bon escient, et pr\u00e9parer au mieux le red\u00e9marrage de septembre. Si votre machine ne produit pas parce que les personnes en charge sont en cong\u00e9s, pourquoi ne pas profiter de ce temps pour y faire de la maintenance&nbsp;?<\/p>\n<!-- \/wp:paragraph -->\n\n<!-- wp:paragraph -->\n<p>Durant tout le reste de l\u2019ann\u00e9e, la charge machine et la disponibilit\u00e9 des personnes sont deux facteurs qui repoussent les op\u00e9rations de maintenance. On se retrouve alors parfois avec des solutions provisoires qui restent pendant plusieurs mois. L\u2019esprit humain s\u2019habitue \u00e0 ce genre de probl\u00e8me, et ne les voit plus comme tels avec le temps. Avant les vacances, vous pourrez demander \u00e0 la personne en charge de la machine si une op\u00e9ration de maintenance est n\u00e9cessaire. Sans doute vous dira t-elle que oui, mais pensera t-elle \u00e0 la contre-mesure (qui fonctionne malgr\u00e9 tout) install\u00e9e depuis f\u00e9vrier&nbsp;?<\/p>\n<!-- \/wp:paragraph -->\n\n<!-- wp:paragraph -->\n<p>Si vous souhaitez red\u00e9marrer votre production sereinement \u00e0 la rentr\u00e9e, n\u2019h\u00e9sitez pas \u00e0 faire le tour de vos \u00e9quipements critiques. L\u2019id\u00e9al serait de vous fier \u00e0 l\u2019historique de pannes de chaque \u00e9quipement. De cette mani\u00e8re, vous pourriez v\u00e9rifier chaque point ayant d\u00e9j\u00e0 provoqu\u00e9 un arr\u00eat. N\u2019h\u00e9sitez pas \u00e0 ouvrir la documentation technique au pr\u00e9alable. Souvent oubli\u00e9e, elle est riche en conseils donn\u00e9s par le constructeur. Cela vous permettra de profiter de la rentr\u00e9e pour livrer toutes vos commandes \u00e0 l\u2019heure gr\u00e2ce \u00e0 des machines fiables. Et si cela ne suffisait pas&nbsp;?<\/p>\n<!-- \/wp:paragraph -->\n\n<!-- wp:heading -->\n<h2 class=\"wp-block-heading\">Quand votre industrie ne s'arr\u00eate pas durant l'\u00e9t\u00e9<\/h2>\n<!-- \/wp:heading -->\n\n<!-- wp:paragraph -->\n<p>Alors que certains voient d\u2019un mauvais \u0153il leurs vacances en m\u00eame temps que les \u00e9coles, cela peut \u00eatre pour vous une opportunit\u00e9. En effet, l\u2019atelier m\u00eame s\u2019il est moins rempli peut quand m\u00eame produire. Et que diriez-vous d\u2019arriver en septembre avec de l\u2019avance sur vos commandes&nbsp;? Pour les personnes de confiance, il est facile de travailler en autonomie. Cela peut vous permettre de laisser quelques personnes en production pendant la p\u00e9riode creuse. Bien souvent, la productivit\u00e9 augmente m\u00eame durant ces temps. Avec moins de pression, et en \u00e9tant moins d\u00e9rang\u00e9s, nos producteurs peuvent se concentrer sur les t\u00e2ches \u00e0 valeur ajout\u00e9e. Attention cependant, il ne faut pas que la diminution de l\u2019effectif entra\u00eene un rel\u00e2chement des r\u00e8gles de s\u00e9curit\u00e9 et de qualit\u00e9.<\/p>\n<!-- \/wp:paragraph -->\n\n<!-- wp:paragraph -->\n<p>Dans les plus grandes structures, il peut \u00eatre compliqu\u00e9 de laisser des op\u00e9rateurs en autonomie, mais la question d\u2019une \u00e9quipe r\u00e9duite avec une petite hi\u00e9rarchie reste envisageable. Ici encore, les bons c\u00f4t\u00e9s sont omnipr\u00e9sents. Cela \u00e9vite d\u2019arr\u00eater les machines trop longtemps, soude les \u00e9quipes restantes et vous permet de continuer de produire. Il sera important de trouver tout de m\u00eame du temps pour s\u2019occuper de la maintenance.<\/p>\n<!-- \/wp:paragraph -->\n\n<!-- wp:paragraph -->\n<p>Autre point de vigilance&nbsp;: les consommables. En effet, il peut \u00eatre plus difficile de s\u2019approvisionner en consommables durant l\u2019\u00e9t\u00e9. Il vous faudra anticiper les besoins pour le personnel restant. Cela peut s\u2019av\u00e9rer facile quand on parle de paires de gants ou d\u2019outils simples. Lorsque la maintenance aura d\u00e9mont\u00e9 une machine pour v\u00e9rifier son bon fonctionnement, et qu\u2019il manquera un composant \u00e0 remplacer p\u00e9riodiquement, l\u2019histoire de ne sera pas aussi simple.<\/p>\n<!-- \/wp:paragraph -->\n\n<!-- wp:heading -->\n<h2 class=\"wp-block-heading\">Pour conclure<\/h2>\n<!-- \/wp:heading -->\n\n<!-- wp:paragraph -->\n<p>Cet \u00e9t\u00e9 en industrie sera diff\u00e9rent pour tous les acteurs. La chose la plus importante pour bien s\u2019y pr\u00e9parer, et pour y \u00eatre \u00e0 l\u2019aise est la communication. Vous ne souhaitez pas \u00eatre d\u00e9rang\u00e9 lorsque vous serez en vacances. Soyez-en s\u00fbr, votre coll\u00e8gue rest\u00e9 au travail ne souhaite pas non plus interrompre votre qui\u00e9tude.&nbsp; Le meilleur moyen d\u2019\u00e9viter que cela n\u2019arrive, est que les choses qui doivent \u00eatre faites le soient. Pour cela, il faudra pr\u00e9parer cette p\u00e9riode. Asseyez-vous autour d\u2019une table pour \u00e9changer sur vos besoins et vos projets. Une heure d\u00e9pens\u00e9e au bon moment peut vous en faire gagner plusieurs au pire moment.<\/p>\n<!-- \/wp:paragraph -->\n\n<!-- wp:paragraph -->\n<p>Toute l\u2019\u00e9quipe TEEPTRAK vous souhaite un bel \u00e9t\u00e9 en industrie pour les travailleurs, et de bonnes vacances aux autres.<\/p>\n<!-- \/wp:paragraph -->\n\n<!-- wp:paragraph -->\n<p><\/p>\n<!-- \/wp:paragraph -->\n\n<!-- wp:paragraph -->\n<p>Pour suivre toute l\u2019actualit\u00e9 de TEEPTRAK et \u00eatre tenu inform\u00e9 des nouveaut\u00e9s, retrouvez-nous sur LinkedIn : <a href=\"https:\/\/www.linkedin.com\/company\/teeptrak\/\">TEEPTRAK<\/a><\/p>\n<!-- \/wp:paragraph -->\n\n<!-- wp:paragraph -->\n<p>Ceci pourrait \u00e9galement vous int\u00e9resser :<\/p>\n<!-- \/wp:paragraph -->\n\n<!-- wp:list -->\n<ul><!-- wp:list-item -->\n<li><a href=\"https:\/\/teeptrak.com\/fr\/dans-la-course-a-l-innovation-comment-deceler-les-projets-davenir\/\">Dans la course \u00e0 l'innovation, comment d\u00e9celer les projets d'avenir ? <\/a><\/li>\n<!-- \/wp:list-item -->\n\n<!-- wp:list-item -->\n<li><a href=\"https:\/\/teeptrak.com\/fr\/l-industrie-actuelle-une-abondance-de-penurie\/\">L\u2019industrie Fran\u00e7aise et Europ\u00e9enne, entre crise et p\u00e9nurie ?<\/a><\/li>\n<!-- \/wp:list-item -->\n\n<!-- wp:list-item -->\n<li><a href=\"https:\/\/teeptrak.com\/fr\/relocaliser-la-production-francaise-et-la-performance-economique-un-defi-presque-impossible\/\">Relocaliser la production, un d\u00e9fi presque impossible ?<\/a><\/li>\n<!-- \/wp:list-item --><\/ul>\n<!-- \/wp:list -->\n\n<!-- wp:paragraph -->\n<p><\/p>\n<!-- \/wp:paragraph -->","_et_gb_content_width":"1080","ai_seo_title":"","ai_meta_description":"","ai_focus_keyword":"","footnotes":""},"categories":[117,114,122],"tags":[],"class_list":["post-16551","post","type-post","status-publish","format-standard","has-post-thumbnail","hentry","category-optimisation-processus","category-performance-industrielle","category-tendances-marche"],"yoast_head":"<!-- This site is optimized with the Yoast SEO plugin v27.5 - https:\/\/yoast.com\/product\/yoast-seo-wordpress\/ -->\n<title>L&#039;\u00e9t\u00e9 en industrie : entre challenges et opportunit\u00e9s<\/title>\n<meta name=\"description\" content=\"L&#039;\u00e9t\u00e9 en industrie entre contraintes et opportunit\u00e9. D\u00e9couvrez comment l&#039;\u00e9t\u00e9 peut \u00eatre vecteur de s\u00e9r\u00e9nit\u00e9 pour la rentr\u00e9e.\" \/>\n<meta name=\"robots\" content=\"index, follow, max-snippet:-1, max-image-preview:large, max-video-preview:-1\" \/>\n<link rel=\"canonical\" href=\"https:\/\/teeptrak.com\/fr\/l-ete-en-industrie-challenges-et-opportunites\/\" \/>\n<meta property=\"og:locale\" content=\"fr_FR\" \/>\n<meta property=\"og:type\" content=\"article\" \/>\n<meta property=\"og:title\" content=\"L&#039;\u00e9t\u00e9 en industrie : entre challenges et opportunit\u00e9s\" \/>\n<meta property=\"og:description\" content=\"L&#039;\u00e9t\u00e9 en industrie entre contraintes et opportunit\u00e9. D\u00e9couvrez comment l&#039;\u00e9t\u00e9 peut \u00eatre vecteur de s\u00e9r\u00e9nit\u00e9 pour la rentr\u00e9e.\" \/>\n<meta property=\"og:url\" content=\"https:\/\/teeptrak.com\/fr\/l-ete-en-industrie-challenges-et-opportunites\/\" \/>\n<meta property=\"og:site_name\" content=\"TEEPTRAK - Connect to your industrial potential\" \/>\n<meta property=\"article:published_time\" content=\"2021-07-15T08:34:02+00:00\" \/>\n<meta property=\"article:modified_time\" content=\"2025-03-24T11:11:41+00:00\" \/>\n<meta property=\"og:image\" content=\"https:\/\/teeptrak.com\/wp-content\/uploads\/2021\/07\/photo-article-blog-S28-1080x675-1.jpg\" \/>\n\t<meta property=\"og:image:width\" content=\"1080\" \/>\n\t<meta property=\"og:image:height\" content=\"675\" \/>\n\t<meta property=\"og:image:type\" content=\"image\/jpeg\" \/>\n<meta name=\"author\" content=\"samy.teeptrak\" \/>\n<meta name=\"twitter:card\" content=\"summary_large_image\" \/>\n<meta name=\"twitter:label1\" content=\"\u00c9crit par\" \/>\n\t<meta name=\"twitter:data1\" content=\"samy.teeptrak\" \/>\n\t<meta name=\"twitter:label2\" content=\"Dur\u00e9e de lecture estim\u00e9e\" \/>\n\t<meta name=\"twitter:data2\" content=\"5 minutes\" \/>\n<script type=\"application\/ld+json\" class=\"yoast-schema-graph\">{\"@context\":\"https:\\\/\\\/schema.org\",\"@graph\":[{\"@type\":\"Article\",\"@id\":\"https:\\\/\\\/teeptrak.com\\\/fr\\\/l-ete-en-industrie-challenges-et-opportunites\\\/#article\",\"isPartOf\":{\"@id\":\"https:\\\/\\\/teeptrak.com\\\/fr\\\/l-ete-en-industrie-challenges-et-opportunites\\\/\"},\"author\":{\"name\":\"samy.teeptrak\",\"@id\":\"https:\\\/\\\/teeptrak.com\\\/fr\\\/#\\\/schema\\\/person\\\/583a6fea71c5651e9455d8d46641bc5b\"},\"headline\":\"L&rsquo;\u00e9t\u00e9 en industrie : challenges et opportunit\u00e9s\",\"datePublished\":\"2021-07-15T08:34:02+00:00\",\"dateModified\":\"2025-03-24T11:11:41+00:00\",\"mainEntityOfPage\":{\"@id\":\"https:\\\/\\\/teeptrak.com\\\/fr\\\/l-ete-en-industrie-challenges-et-opportunites\\\/\"},\"wordCount\":1411,\"publisher\":{\"@id\":\"https:\\\/\\\/teeptrak.com\\\/fr\\\/#organization\"},\"image\":{\"@id\":\"https:\\\/\\\/teeptrak.com\\\/fr\\\/l-ete-en-industrie-challenges-et-opportunites\\\/#primaryimage\"},\"thumbnailUrl\":\"https:\\\/\\\/teeptrak.com\\\/wp-content\\\/uploads\\\/2021\\\/07\\\/photo-article-blog-S28-1080x675-1.jpg\",\"articleSection\":[\"Optimisation des Processus\",\"Performance industrielle\",\"Tendances du march\u00e9\"],\"inLanguage\":\"fr-FR\"},{\"@type\":\"WebPage\",\"@id\":\"https:\\\/\\\/teeptrak.com\\\/fr\\\/l-ete-en-industrie-challenges-et-opportunites\\\/\",\"url\":\"https:\\\/\\\/teeptrak.com\\\/fr\\\/l-ete-en-industrie-challenges-et-opportunites\\\/\",\"name\":\"L'\u00e9t\u00e9 en industrie : entre challenges et opportunit\u00e9s\",\"isPartOf\":{\"@id\":\"https:\\\/\\\/teeptrak.com\\\/fr\\\/#website\"},\"primaryImageOfPage\":{\"@id\":\"https:\\\/\\\/teeptrak.com\\\/fr\\\/l-ete-en-industrie-challenges-et-opportunites\\\/#primaryimage\"},\"image\":{\"@id\":\"https:\\\/\\\/teeptrak.com\\\/fr\\\/l-ete-en-industrie-challenges-et-opportunites\\\/#primaryimage\"},\"thumbnailUrl\":\"https:\\\/\\\/teeptrak.com\\\/wp-content\\\/uploads\\\/2021\\\/07\\\/photo-article-blog-S28-1080x675-1.jpg\",\"datePublished\":\"2021-07-15T08:34:02+00:00\",\"dateModified\":\"2025-03-24T11:11:41+00:00\",\"description\":\"L'\u00e9t\u00e9 en industrie entre contraintes et opportunit\u00e9. D\u00e9couvrez comment l'\u00e9t\u00e9 peut \u00eatre vecteur de s\u00e9r\u00e9nit\u00e9 pour la rentr\u00e9e.\",\"breadcrumb\":{\"@id\":\"https:\\\/\\\/teeptrak.com\\\/fr\\\/l-ete-en-industrie-challenges-et-opportunites\\\/#breadcrumb\"},\"inLanguage\":\"fr-FR\",\"potentialAction\":[{\"@type\":\"ReadAction\",\"target\":[\"https:\\\/\\\/teeptrak.com\\\/fr\\\/l-ete-en-industrie-challenges-et-opportunites\\\/\"]}]},{\"@type\":\"ImageObject\",\"inLanguage\":\"fr-FR\",\"@id\":\"https:\\\/\\\/teeptrak.com\\\/fr\\\/l-ete-en-industrie-challenges-et-opportunites\\\/#primaryimage\",\"url\":\"https:\\\/\\\/teeptrak.com\\\/wp-content\\\/uploads\\\/2021\\\/07\\\/photo-article-blog-S28-1080x675-1.jpg\",\"contentUrl\":\"https:\\\/\\\/teeptrak.com\\\/wp-content\\\/uploads\\\/2021\\\/07\\\/photo-article-blog-S28-1080x675-1.jpg\",\"width\":1080,\"height\":675},{\"@type\":\"BreadcrumbList\",\"@id\":\"https:\\\/\\\/teeptrak.com\\\/fr\\\/l-ete-en-industrie-challenges-et-opportunites\\\/#breadcrumb\",\"itemListElement\":[{\"@type\":\"ListItem\",\"position\":1,\"name\":\"Accueil\",\"item\":\"https:\\\/\\\/teeptrak.com\\\/fr\\\/\"},{\"@type\":\"ListItem\",\"position\":2,\"name\":\"L&rsquo;\u00e9t\u00e9 en industrie : challenges et opportunit\u00e9s\"}]},{\"@type\":\"WebSite\",\"@id\":\"https:\\\/\\\/teeptrak.com\\\/fr\\\/#website\",\"url\":\"https:\\\/\\\/teeptrak.com\\\/fr\\\/\",\"name\":\"TEEPTRAK\",\"description\":\"Optimisez votre potentiel industriel\",\"publisher\":{\"@id\":\"https:\\\/\\\/teeptrak.com\\\/fr\\\/#organization\"},\"potentialAction\":[{\"@type\":\"SearchAction\",\"target\":{\"@type\":\"EntryPoint\",\"urlTemplate\":\"https:\\\/\\\/teeptrak.com\\\/fr\\\/?s={search_term_string}\"},\"query-input\":{\"@type\":\"PropertyValueSpecification\",\"valueRequired\":true,\"valueName\":\"search_term_string\"}}],\"inLanguage\":\"fr-FR\"},{\"@type\":\"Organization\",\"@id\":\"https:\\\/\\\/teeptrak.com\\\/fr\\\/#organization\",\"name\":\"TEEPTRAK\",\"url\":\"https:\\\/\\\/teeptrak.com\\\/fr\\\/\",\"logo\":{\"@type\":\"ImageObject\",\"inLanguage\":\"fr-FR\",\"@id\":\"https:\\\/\\\/teeptrak.com\\\/fr\\\/#\\\/schema\\\/logo\\\/image\\\/\",\"url\":\"https:\\\/\\\/teeptrak.com\\\/wp-content\\\/uploads\\\/2023\\\/05\\\/cropped-Capture-decran-2023-05-04-112832.png\",\"contentUrl\":\"https:\\\/\\\/teeptrak.com\\\/wp-content\\\/uploads\\\/2023\\\/05\\\/cropped-Capture-decran-2023-05-04-112832.png\",\"width\":512,\"height\":512,\"caption\":\"TEEPTRAK\"},\"image\":{\"@id\":\"https:\\\/\\\/teeptrak.com\\\/fr\\\/#\\\/schema\\\/logo\\\/image\\\/\"},\"sameAs\":[\"https:\\\/\\\/www.linkedin.com\\\/company\\\/teeptrak\\\/\",\"https:\\\/\\\/www.linkedin.com\\\/company\\\/teeptrakinternational\\\/\"]},{\"@type\":\"Person\",\"@id\":\"https:\\\/\\\/teeptrak.com\\\/fr\\\/#\\\/schema\\\/person\\\/583a6fea71c5651e9455d8d46641bc5b\",\"name\":\"samy.teeptrak\",\"image\":{\"@type\":\"ImageObject\",\"inLanguage\":\"fr-FR\",\"@id\":\"https:\\\/\\\/secure.gravatar.com\\\/avatar\\\/810125fbaa7528505ebc020e3eec2bfe3a63998c1149f4cea76d0215cf68e98f?s=96&d=mm&r=g\",\"url\":\"https:\\\/\\\/secure.gravatar.com\\\/avatar\\\/810125fbaa7528505ebc020e3eec2bfe3a63998c1149f4cea76d0215cf68e98f?s=96&d=mm&r=g\",\"contentUrl\":\"https:\\\/\\\/secure.gravatar.com\\\/avatar\\\/810125fbaa7528505ebc020e3eec2bfe3a63998c1149f4cea76d0215cf68e98f?s=96&d=mm&r=g\",\"caption\":\"samy.teeptrak\"},\"url\":\"https:\\\/\\\/teeptrak.com\\\/fr\\\/author\\\/samy-teeptrak\\\/\"}]}<\/script>\n<!-- \/ Yoast SEO plugin. -->","yoast_head_json":{"title":"L'\u00e9t\u00e9 en industrie : entre challenges et opportunit\u00e9s","description":"L'\u00e9t\u00e9 en industrie entre contraintes et opportunit\u00e9. D\u00e9couvrez comment l'\u00e9t\u00e9 peut \u00eatre vecteur de s\u00e9r\u00e9nit\u00e9 pour la rentr\u00e9e.","robots":{"index":"index","follow":"follow","max-snippet":"max-snippet:-1","max-image-preview":"max-image-preview:large","max-video-preview":"max-video-preview:-1"},"canonical":"https:\/\/teeptrak.com\/fr\/l-ete-en-industrie-challenges-et-opportunites\/","og_locale":"fr_FR","og_type":"article","og_title":"L'\u00e9t\u00e9 en industrie : entre challenges et opportunit\u00e9s","og_description":"L'\u00e9t\u00e9 en industrie entre contraintes et opportunit\u00e9. D\u00e9couvrez comment l'\u00e9t\u00e9 peut \u00eatre vecteur de s\u00e9r\u00e9nit\u00e9 pour la rentr\u00e9e.","og_url":"https:\/\/teeptrak.com\/fr\/l-ete-en-industrie-challenges-et-opportunites\/","og_site_name":"TEEPTRAK - Connect to your industrial potential","article_published_time":"2021-07-15T08:34:02+00:00","article_modified_time":"2025-03-24T11:11:41+00:00","og_image":[{"width":1080,"height":675,"url":"https:\/\/teeptrak.com\/wp-content\/uploads\/2021\/07\/photo-article-blog-S28-1080x675-1.jpg","type":"image\/jpeg"}],"author":"samy.teeptrak","twitter_card":"summary_large_image","twitter_misc":{"\u00c9crit par":"samy.teeptrak","Dur\u00e9e de lecture estim\u00e9e":"5 minutes"},"schema":{"@context":"https:\/\/schema.org","@graph":[{"@type":"Article","@id":"https:\/\/teeptrak.com\/fr\/l-ete-en-industrie-challenges-et-opportunites\/#article","isPartOf":{"@id":"https:\/\/teeptrak.com\/fr\/l-ete-en-industrie-challenges-et-opportunites\/"},"author":{"name":"samy.teeptrak","@id":"https:\/\/teeptrak.com\/fr\/#\/schema\/person\/583a6fea71c5651e9455d8d46641bc5b"},"headline":"L&rsquo;\u00e9t\u00e9 en industrie : challenges et opportunit\u00e9s","datePublished":"2021-07-15T08:34:02+00:00","dateModified":"2025-03-24T11:11:41+00:00","mainEntityOfPage":{"@id":"https:\/\/teeptrak.com\/fr\/l-ete-en-industrie-challenges-et-opportunites\/"},"wordCount":1411,"publisher":{"@id":"https:\/\/teeptrak.com\/fr\/#organization"},"image":{"@id":"https:\/\/teeptrak.com\/fr\/l-ete-en-industrie-challenges-et-opportunites\/#primaryimage"},"thumbnailUrl":"https:\/\/teeptrak.com\/wp-content\/uploads\/2021\/07\/photo-article-blog-S28-1080x675-1.jpg","articleSection":["Optimisation des Processus","Performance industrielle","Tendances du march\u00e9"],"inLanguage":"fr-FR"},{"@type":"WebPage","@id":"https:\/\/teeptrak.com\/fr\/l-ete-en-industrie-challenges-et-opportunites\/","url":"https:\/\/teeptrak.com\/fr\/l-ete-en-industrie-challenges-et-opportunites\/","name":"L'\u00e9t\u00e9 en industrie : entre challenges et opportunit\u00e9s","isPartOf":{"@id":"https:\/\/teeptrak.com\/fr\/#website"},"primaryImageOfPage":{"@id":"https:\/\/teeptrak.com\/fr\/l-ete-en-industrie-challenges-et-opportunites\/#primaryimage"},"image":{"@id":"https:\/\/teeptrak.com\/fr\/l-ete-en-industrie-challenges-et-opportunites\/#primaryimage"},"thumbnailUrl":"https:\/\/teeptrak.com\/wp-content\/uploads\/2021\/07\/photo-article-blog-S28-1080x675-1.jpg","datePublished":"2021-07-15T08:34:02+00:00","dateModified":"2025-03-24T11:11:41+00:00","description":"L'\u00e9t\u00e9 en industrie entre contraintes et opportunit\u00e9. D\u00e9couvrez comment l'\u00e9t\u00e9 peut \u00eatre vecteur de s\u00e9r\u00e9nit\u00e9 pour la rentr\u00e9e.","breadcrumb":{"@id":"https:\/\/teeptrak.com\/fr\/l-ete-en-industrie-challenges-et-opportunites\/#breadcrumb"},"inLanguage":"fr-FR","potentialAction":[{"@type":"ReadAction","target":["https:\/\/teeptrak.com\/fr\/l-ete-en-industrie-challenges-et-opportunites\/"]}]},{"@type":"ImageObject","inLanguage":"fr-FR","@id":"https:\/\/teeptrak.com\/fr\/l-ete-en-industrie-challenges-et-opportunites\/#primaryimage","url":"https:\/\/teeptrak.com\/wp-content\/uploads\/2021\/07\/photo-article-blog-S28-1080x675-1.jpg","contentUrl":"https:\/\/teeptrak.com\/wp-content\/uploads\/2021\/07\/photo-article-blog-S28-1080x675-1.jpg","width":1080,"height":675},{"@type":"BreadcrumbList","@id":"https:\/\/teeptrak.com\/fr\/l-ete-en-industrie-challenges-et-opportunites\/#breadcrumb","itemListElement":[{"@type":"ListItem","position":1,"name":"Accueil","item":"https:\/\/teeptrak.com\/fr\/"},{"@type":"ListItem","position":2,"name":"L&rsquo;\u00e9t\u00e9 en industrie : challenges et opportunit\u00e9s"}]},{"@type":"WebSite","@id":"https:\/\/teeptrak.com\/fr\/#website","url":"https:\/\/teeptrak.com\/fr\/","name":"TEEPTRAK","description":"Optimisez votre potentiel industriel","publisher":{"@id":"https:\/\/teeptrak.com\/fr\/#organization"},"potentialAction":[{"@type":"SearchAction","target":{"@type":"EntryPoint","urlTemplate":"https:\/\/teeptrak.com\/fr\/?s={search_term_string}"},"query-input":{"@type":"PropertyValueSpecification","valueRequired":true,"valueName":"search_term_string"}}],"inLanguage":"fr-FR"},{"@type":"Organization","@id":"https:\/\/teeptrak.com\/fr\/#organization","name":"TEEPTRAK","url":"https:\/\/teeptrak.com\/fr\/","logo":{"@type":"ImageObject","inLanguage":"fr-FR","@id":"https:\/\/teeptrak.com\/fr\/#\/schema\/logo\/image\/","url":"https:\/\/teeptrak.com\/wp-content\/uploads\/2023\/05\/cropped-Capture-decran-2023-05-04-112832.png","contentUrl":"https:\/\/teeptrak.com\/wp-content\/uploads\/2023\/05\/cropped-Capture-decran-2023-05-04-112832.png","width":512,"height":512,"caption":"TEEPTRAK"},"image":{"@id":"https:\/\/teeptrak.com\/fr\/#\/schema\/logo\/image\/"},"sameAs":["https:\/\/www.linkedin.com\/company\/teeptrak\/","https:\/\/www.linkedin.com\/company\/teeptrakinternational\/"]},{"@type":"Person","@id":"https:\/\/teeptrak.com\/fr\/#\/schema\/person\/583a6fea71c5651e9455d8d46641bc5b","name":"samy.teeptrak","image":{"@type":"ImageObject","inLanguage":"fr-FR","@id":"https:\/\/secure.gravatar.com\/avatar\/810125fbaa7528505ebc020e3eec2bfe3a63998c1149f4cea76d0215cf68e98f?s=96&d=mm&r=g","url":"https:\/\/secure.gravatar.com\/avatar\/810125fbaa7528505ebc020e3eec2bfe3a63998c1149f4cea76d0215cf68e98f?s=96&d=mm&r=g","contentUrl":"https:\/\/secure.gravatar.com\/avatar\/810125fbaa7528505ebc020e3eec2bfe3a63998c1149f4cea76d0215cf68e98f?s=96&d=mm&r=g","caption":"samy.teeptrak"},"url":"https:\/\/teeptrak.com\/fr\/author\/samy-teeptrak\/"}]}},"_links":{"self":[{"href":"https:\/\/teeptrak.com\/fr\/wp-json\/wp\/v2\/posts\/16551","targetHints":{"allow":["GET"]}}],"collection":[{"href":"https:\/\/teeptrak.com\/fr\/wp-json\/wp\/v2\/posts"}],"about":[{"href":"https:\/\/teeptrak.com\/fr\/wp-json\/wp\/v2\/types\/post"}],"author":[{"embeddable":true,"href":"https:\/\/teeptrak.com\/fr\/wp-json\/wp\/v2\/users\/384729"}],"replies":[{"embeddable":true,"href":"https:\/\/teeptrak.com\/fr\/wp-json\/wp\/v2\/comments?post=16551"}],"version-history":[{"count":5,"href":"https:\/\/teeptrak.com\/fr\/wp-json\/wp\/v2\/posts\/16551\/revisions"}],"predecessor-version":[{"id":23965,"href":"https:\/\/teeptrak.com\/fr\/wp-json\/wp\/v2\/posts\/16551\/revisions\/23965"}],"wp:featuredmedia":[{"embeddable":true,"href":"https:\/\/teeptrak.com\/fr\/wp-json\/wp\/v2\/media\/23952"}],"wp:attachment":[{"href":"https:\/\/teeptrak.com\/fr\/wp-json\/wp\/v2\/media?parent=16551"}],"wp:term":[{"taxonomy":"category","embeddable":true,"href":"https:\/\/teeptrak.com\/fr\/wp-json\/wp\/v2\/categories?post=16551"},{"taxonomy":"post_tag","embeddable":true,"href":"https:\/\/teeptrak.com\/fr\/wp-json\/wp\/v2\/tags?post=16551"}],"curies":[{"name":"wp","href":"https:\/\/api.w.org\/{rel}","templated":true}]}}